{"id":12088,"date":"2025-10-16T12:05:34","date_gmt":"2025-10-16T10:05:34","guid":{"rendered":"https:\/\/www.aktion-weitblick.de\/?p=12088"},"modified":"2025-12-17T20:10:14","modified_gmt":"2025-12-17T19:10:14","slug":"wir-trauern-um-ulrike-dylong","status":"publish","type":"post","link":"https:\/\/www.aktion-weitblick.de\/ls\/wir-trauern-um-ulrike-dylong\/","title":{"rendered":"Wir trauern um Ulrike Dylong"},"content":{"rendered":"<p>Es gibt Momente, in denen Worte nicht ausreichen.<br \/>\nDer Tod von Ulrike Dylong ist so ein Moment.<br \/>\nWenn man an sie denkt, kommen viele Erinnerungen:<br \/>\nAn eine fr\u00f6hliche Frau.<br \/>\nAn eine tat\u00b7kr\u00e4ftige Frau.<br \/>\nSie war immer freundlich zu allen Menschen.<br \/>\nSie hat jeden Raum mit ihrer positiven Art erf\u00fcllt.<\/p>\n<p>Fast 34 Jahre lang hat Ulrike Dylong bei aktion weitblick gearbeitet.<br \/>\nVor allem in Steglitz-Zehlendorf und Tempelhof-Sch\u00f6neberg.<br \/>\nAber alle Kollegen und Kolleginnen kannten sie.<br \/>\nAlle sch\u00e4tzten sie.<br \/>\nSie hat Menschen zusammen\u00b7gebracht:<br \/>\n&#8211; Teams und Leitung<br \/>\n&#8211; Verschiedene Ein\u00b7richtungen<br \/>\n&#8211; Kollegen und Kolleginnen und Klienten und Klientinnen<\/p>\n<p>Sie war Gesundheits\u00b7promotorin.<br \/>\nSie hat viele Menschen zusammen\u00b7gehalten.<br \/>\nSie hat unsere Gemein\u00b7schaft gest\u00e4rkt.<\/p>\n<p>Ulrike Dylong mochte das Leben.<br \/>\nSie hatte viel Energie.<br \/>\nSie hatte Humor.<br \/>\nSie sah das Wesentliche.<br \/>\nVer\u00e4nderungen waren f\u00fcr sie keine Hindernisse.<br \/>\nVer\u00e4nderungen waren Heraus\u00b7forderungen.<br \/>\nAuch kurz vor der Rente blieb sie offen.<br \/>\nSie war engagiert.<br \/>\nSie wollte Neues mit\u00b7gestalten.<\/p>\n<p>Dass sie nicht mehr da ist, ist schwer zu verstehen.<br \/>\nWir werden sie vermissen.<br \/>\nAls Kollegin.<br \/>\nAls Ansprech\u00b7partnerin.<br \/>\nAls Mensch.<br \/>\nUnsere Gedanken sind bei ihrer Familie.<br \/>\nF\u00fcr die Familie ist dieser Verlust sehr pl\u00f6tzlich gekommen.<br \/>\nUnd sehr schmerz\u00b7haft.<\/p>\n<p>Liebe Ulrike \u2013 danke f\u00fcr alles, was du gegeben hast.<br \/>\nM\u00f6gen sich die Wege vor deinen F\u00fc\u00dfen ebnen.<br \/>\nDer Wind soll dich begleiten.<br \/>\nDie Sonne soll dich w\u00e4rmen.<\/p>\n<p>Auf Wieder\u00b7sehen.<\/p>\n","protected":false},"excerpt":{"rendered":"<p>Wir trauern um Ulrike Dylong \u2013 sie war 34 Jahre bei aktion weitblick und hat viele Menschen zusammen\u00b7gebracht.<\/p>\n","protected":false},"author":9,"featured_media":12089,"comment_status":"closed","ping_status":"closed","sticky":false,"template":"","format":"standard","meta":{"_acf_changed":false,"footnotes":""},"categories":[115],"tags":[],"class_list":["post-12088","post","type-post","status-publish","format-standard","has-post-thumbnail","hentry","category-nicht-kategorisiert"],"acf":[],"_links":{"self":[{"href":"https:\/\/www.aktion-weitblick.de\/ls\/wp-json\/wp\/v2\/posts\/12088","targetHints":{"allow":["GET"]}}],"collection":[{"href":"https:\/\/www.aktion-weitblick.de\/ls\/wp-json\/wp\/v2\/posts"}],"about":[{"href":"https:\/\/www.aktion-weitblick.de\/ls\/wp-json\/wp\/v2\/types\/post"}],"author":[{"embeddable":true,"href":"https:\/\/www.aktion-weitblick.de\/ls\/wp-json\/wp\/v2\/users\/9"}],"replies":[{"embeddable":true,"href":"https:\/\/www.aktion-weitblick.de\/ls\/wp-json\/wp\/v2\/comments?post=12088"}],"version-history":[{"count":2,"href":"https:\/\/www.aktion-weitblick.de\/ls\/wp-json\/wp\/v2\/posts\/12088\/revisions"}],"predecessor-version":[{"id":12917,"href":"https:\/\/www.aktion-weitblick.de\/ls\/wp-json\/wp\/v2\/posts\/12088\/revisions\/12917"}],"wp:featuredmedia":[{"embeddable":true,"href":"https:\/\/www.aktion-weitblick.de\/ls\/wp-json\/wp\/v2\/media\/12089"}],"wp:attachment":[{"href":"https:\/\/www.aktion-weitblick.de\/ls\/wp-json\/wp\/v2\/media?parent=12088"}],"wp:term":[{"taxonomy":"category","embeddable":true,"href":"https:\/\/www.aktion-weitblick.de\/ls\/wp-json\/wp\/v2\/categories?post=12088"},{"taxonomy":"post_tag","embeddable":true,"href":"https:\/\/www.aktion-weitblick.de\/ls\/wp-json\/wp\/v2\/tags?post=12088"}],"curies":[{"name":"wp","href":"https:\/\/api.w.org\/{rel}","templated":true}]}}